{"id":101,"date":"2007-09-23T21:34:56","date_gmt":"2007-09-23T19:34:56","guid":{"rendered":"http:\/\/www.xn--schuble-muss-weg-xnb.de\/wp\/2007\/09\/23\/einen-tag-nach-der-demonstration\/"},"modified":"2008-08-01T01:01:23","modified_gmt":"2008-07-31T23:01:23","slug":"einen-tag-nach-der-demonstration","status":"publish","type":"post","link":"https:\/\/www.thomaskeller.biz\/blog\/2007\/09\/23\/einen-tag-nach-der-demonstration\/","title":{"rendered":"Einen Tag nach der Demonstration"},"content":{"rendered":"<p>Gestern ging in Berlin die dritte Auflage der Demo &#8220;Freiheit statt Angst&#8221; in Berlin zu Ende &#8211; wieder initiiert vom <a href=\"http:\/\/www.vorratsdatenspeicherung.de\" target=\"_blank\">Arbeitskreis Vorratsdatenspeicherung<\/a>. Mit dabei waren Vertreter aus verschiedenen politischen Lagern, dem <a href=\"http:\/\/www.ccc.de\" target=\"_blank\">CCC<\/a>, den <a href=\"http:\/\/www.herbstlaub-web.de\/hedonisten.htm\" target=\"_blank\">Hedonisten<\/a>, der Gewerkschaft <a href=\"http:\/\/www.verdi.de\" target=\"_blank\">ver.di<\/a>, dem Datenschutzverein <a href=\"http:\/\/www.foebud.org\/\" target=\"_blank\">FoeBuD<\/a>, Mitgliedern des AK Vorrat selbst und vielen anderen. Insgesamt rechnete der Arbeitskreis mit etwa 5000 bis 8000 Teilnehmern, Z\u00e4hlungen zufolge kamen wohl \u00fcber 15.000. Eine gewaltige Steigerung, bedenkt man, dass die erste Demo im Jahr 2006 knapp 200 Teilnehmer z\u00e4hlte und die zweite im Fr\u00fchjahr, in Frankfurt am Main, etwa 2500. F\u00fcr mich ein gutes Anzeichen, dass immer mehr Menschen vor dem fortschreitenden Abbau von Freiheiten und der zunehmenden \u00dcberwachung nicht l\u00e4nger die Augen verschlie\u00dfen.<\/p>\n<p>Genau so bunt wie die Teilnehmer waren auch die Plakate, die man lesen konnte. Von den Klassikern &#8220;Stoppt den \u00dcberwachungswahn&#8221; (das eigenete sich auch gut als Parole) oder &#8220;Stop 1984&#8221; gab es auch viele innovative Ideen &#8211; bspw. einen Banner mit Mielke-Kopf (&#8220;Stasi 1.0&#8221;), der &#8220;ber\u00fchmten&#8221; Sch\u00e4ublone (&#8220;Stasi 2.0&#8221;) und der Fortsetzung &#8220;Stasi 3.0&#8221; noch ohne Kopf. Die ketzerische Frage &#8220;Wollt ihr die totale \u00dcberwachung?&#8221; war sicherlich nicht jedermanns Sache &#8211; die Banneraufschrift &#8220;Abh\u00f6ren? Zuh\u00f6ren!&#8221; dagegen schlug nachdenkliche T\u00f6ne an. Auch nett: Der Schriftzug <a href=\"https:\/\/87.230.26.155\/pictures\/main.php?g2_itemId=360\" target=\"_blank\">&#8220;Sicherheitsl\u00fccke&#8221;<\/a>, aufgemalt auf dem Stra\u00dfenbelag an einer Stelle, an der ein durchgezogener Trennstreifen eine L\u00fccke aufwies. Eine ausf\u00fchrliche <a href=\"http:\/\/the-bart.org\/gallery\/v\/fsa07\/\" target=\"_blank\">Bilderreihe gibt es direkt vom Arbeitskreis<\/a>. Auch unsere Ortsgruppe hat <a href=\"https:\/\/87.230.26.155\/pictures\/main.php?g2_itemId=324\" target=\"_blank\">einige sehenswerte Fotos<\/a> geschossen.<\/p>\n<p>Die Demo war durch und durch gut organisiert. Nach der Ansprache durch die Organisatoren sollte eigentlich der Marsch in Richtung Alexanderplatz starten, jedoch schien die Polizei vor der Mobilisierung des Zuges etliche Personen einer Leibesvisite zu unterziehen. Einige Mitglieder des &#8220;schwarzen Blocks&#8221; weigerten sich und es kam zu Rangeleien auf H\u00f6he des Hotel Adlon, bei der wohl einige <a href=\"http:\/\/www.heise.de\/newsticker\/foren\/go.shtml?read=1&#038;msg_id=13580103&#038;forum_id=124462\" target=\"_blank\">St\u00fchle zu Bruch<\/a> gingen.<\/p>\n<p>Auch sp\u00e4ter kam es zu Auseinandersetzungen zwischen den Linksradikalen und der Polizei, beide waren leider weniger auf Deeskalation, als auf Provokation aus. Die Linksradikalen ignorierten das Vermummungsverbot und schotteten ihren Block mit langen Seitentransparenten ab, die Polizei sch\u00fcchterte schon im Vorfeld der Demo selbst in den liberalen Bereichen mit massiven Polizeiaufgebot (Vollschutz inklusive Helm), Blockmitl\u00e4ufern, kompletten Kameraaufzeichnungen (die ausdr\u00fccklich verboten waren) und Hubschrauber\u00fcberwachung ein.<\/p>\n<p>So wurde leider auch durch das Katz- und Mausspiel der beiden Gruppierungen die ansonsten komplett friedlich ablaufende Demonstration von \u00fcber 15.000 Menschen gest\u00f6rt und auf H\u00f6he der Friedrichstra\u00dfe nach ca. 4km abgebrochen. Das tragische daran ist nun, dass ebenjene Ereignisse auch in den meisten Mainstream-Medien die eigentliche Berichterstattung \u00fcber die Ziele und der immensen Beteiligung \u00fcberschattete.<br \/>\nBesonders entt\u00e4uscht hat mich in diesem Zusammenhang die Berichterstattung der \u00f6ffentlich-rechtlichen Sender. Die ARD zeigte am Samstagabend in der Tagesschau keinerlei Bilder der Demo, in den Tagesthemen ab 22:50 Uhr wurde lediglich ein etwa 20-sek\u00fcndiger Ausschnitt im Kontext der geplanten Einf\u00fchrung des neuen Biometrie-verseuchten Personalausweises gezeigt. F\u00fcr den bayrischen Innenminister Beckstein wurde dann aber doch noch Zeit gefunden, im selben Kontext den B\u00fcrgerInnen ins Gewissen zu reden:<\/p>\n<blockquote><p>&#8220;Der anst\u00e4ndige B\u00fcrger muss auch ein Interesse haben, dass das Dokument eine eindeutige Identifizierung erm\u00f6glicht, und das ist mit diesem elektronischen Bausteinen &#8216;digitales Bild&#8217;, &#8216;digitaler Fingerabdruck&#8217; m\u00f6glich.<\/p><\/blockquote>\n<p><small>(Quelle: Tagesthemen vom 22.09.2007, <a href=\"http:\/\/streaming.tagesschau.de\/bb\/redirect.lsc?rewrite=http:\/\/www.tagesschau.de\/multimedia\/video\/video210524-ms_res-ms256_vChoice-video210524.jsp&#038;content=content&#038;media=ms\" target=\"_blank\">MAZ ab ca. 00:03:53<\/a>)<\/small><\/p>\n<p>Noch schlimmer war die Berichterstattung des ZDF &#8211; gerade im Internet. Der <a href=\"http:\/\/www.heute.de\/ZDFheute\/inhalt\/28\/0,3672,7007868,00.html\" target=\"_blank\">heute.de-Bericht<\/a> verlautbart nicht nur falsche Zahlen, sondern er\u00f6ffnet medienwirksam auch mit dem Untertitel &#8220;Acht Festnahmen &#8211; Polizist verletzt&#8221;. Zum Vergleich <a href=\"http:\/\/www.heise.de\/newsticker\/meldung\/96385\" target=\"_blank\">ein Artikel auf dem Nachrichtenportal heise online<\/a>.<\/p>\n<p>Doch auch die Privatsender waren nicht besser. EuroNews zeigte eine <a href=\"http:\/\/youtube.com\/watch?v=51-_Gkpcp50\">&#8220;Zusammenfassung&#8221; der Demo<\/a> unter der Kategorie &#8220;No Comment&#8221; &#8211; auch hier wurde mehrheitlich auf die Rangeleien und den Polizeieinsatz gehalten.<\/p>\n<p>Sicherlich muss die Medienberichterstattung f\u00fcr die n\u00e4chste Demonstration auch von der Organisation noch besser gesteuert werden. Auf der Mailingliste des AK Vorratsdatenspeicherung wird deshalb schon die Erstellung eines &#8220;Demonstrationsleitfaden&#8221; unter freier Lizenz diskutiert, die bei der n\u00e4chsten Demo etwa regeln soll, wann und wie Material an die verschiedenen Nachrichtenagenturen bzw. Presseorgane weitergegeben werden soll. W\u00fcnschenswert w\u00e4ren solche Informationen etwa kurz nach den jeweiligen Kundgebungen bzw. dem H\u00f6hepunkt am Ende der Demo mit einem kurzen Res\u00fcm\u00e9 der Veranstalter.<\/p>\n<p>Insgesamt ist die Demonstration als voller Erfolg einzustufen &#8211; und ich pers\u00f6nlich hoffe auf eine weitere Neuauflage der Demo im Fr\u00fchjahr n\u00e4chsten Jahres, dann vielleicht schon mit 50.000 Teilnehmern&#8230;<\/p>\n","protected":false},"excerpt":{"rendered":"<p>Gestern ging in Berlin die dritte Auflage der Demo &#8220;Freiheit statt Angst&#8221; in Berlin zu Ende &#8211; wieder initiiert vom Arbeitskreis Vorratsdatenspeicherung. Mit dabei waren Vertreter aus verschiedenen politischen Lagern, dem CCC, den Hedonisten, der Gewerkschaft ver.di, dem Datenschutzverein FoeBuD, Mitgliedern des AK Vorrat selbst und vielen anderen. Insgesamt rechnete der Arbeitskreis mit etwa 5000 &hellip; <a href=\"https:\/\/www.thomaskeller.biz\/blog\/2007\/09\/23\/einen-tag-nach-der-demonstration\/\" class=\"more-link\">Continue reading <span class=\"screen-reader-text\">Einen Tag nach der Demonstration<\/span><\/a><\/p>\n","protected":false},"author":1,"featured_media":0,"comment_status":"open","ping_status":"open","sticky":false,"template":"","format":"standard","meta":{"footnotes":""},"categories":[23,22],"tags":[],"class_list":["post-101","post","type-post","status-publish","format-standard","hentry","category-ak-vorrat","category-german"],"_links":{"self":[{"href":"https:\/\/www.thomaskeller.biz\/blog\/wp-json\/wp\/v2\/posts\/101","targetHints":{"allow":["GET"]}}],"collection":[{"href":"https:\/\/www.thomaskeller.biz\/blog\/wp-json\/wp\/v2\/posts"}],"about":[{"href":"https:\/\/www.thomaskeller.biz\/blog\/wp-json\/wp\/v2\/types\/post"}],"author":[{"embeddable":true,"href":"https:\/\/www.thomaskeller.biz\/blog\/wp-json\/wp\/v2\/users\/1"}],"replies":[{"embeddable":true,"href":"https:\/\/www.thomaskeller.biz\/blog\/wp-json\/wp\/v2\/comments?post=101"}],"version-history":[{"count":1,"href":"https:\/\/www.thomaskeller.biz\/blog\/wp-json\/wp\/v2\/posts\/101\/revisions"}],"predecessor-version":[{"id":145,"href":"https:\/\/www.thomaskeller.biz\/blog\/wp-json\/wp\/v2\/posts\/101\/revisions\/145"}],"wp:attachment":[{"href":"https:\/\/www.thomaskeller.biz\/blog\/wp-json\/wp\/v2\/media?parent=101"}],"wp:term":[{"taxonomy":"category","embeddable":true,"href":"https:\/\/www.thomaskeller.biz\/blog\/wp-json\/wp\/v2\/categories?post=101"},{"taxonomy":"post_tag","embeddable":true,"href":"https:\/\/www.thomaskeller.biz\/blog\/wp-json\/wp\/v2\/tags?post=101"}],"curies":[{"name":"wp","href":"https:\/\/api.w.org\/{rel}","templated":true}]}}