{"id":102,"date":"2007-10-24T18:45:59","date_gmt":"2007-10-24T16:45:59","guid":{"rendered":"http:\/\/www.xn--schuble-muss-weg-xnb.de\/wp\/2007\/10\/24\/dezentrale-aktionen-am-6-september-auch-in-deiner-stadt\/"},"modified":"2008-08-01T00:55:58","modified_gmt":"2008-07-31T22:55:58","slug":"dezentrale-aktionen-am-6-september-auch-in-deiner-stadt","status":"publish","type":"post","link":"https:\/\/www.thomaskeller.biz\/blog\/2007\/10\/24\/dezentrale-aktionen-am-6-september-auch-in-deiner-stadt\/","title":{"rendered":"Dezentrale Aktionen am 6. September &#8211; auch in Deiner Stadt? [Update]"},"content":{"rendered":"<p>Der <a href=\"http:\/\/www.vorratsdatenspeicherung.de\" target=\"_blank\">Arbeitskreis Vorratsdatenspeicherung<\/a> bereitet f\u00fcr den 6. September dezentrale Aktionen unter dem Motto &#8220;Freiheit statt Angst &#8211; F\u00fcr die Grundrechte&#8221; in <a href=\"https:\/\/wiki.vorratsdatenspeicherung.de\/Endspurt\" target=\"_blank\">vielen deutschen St\u00e4dten<\/a> vor. Der Termin ist bewusst so gew\u00e4hlt worden, denn am 8. bzw. 9. September wird im Bundestag \u00fcber das Gesetz zur Neuregelung der Telekommunikations\u00fcberwachung abgestimmt. Nat\u00fcrlich hoffen wir damit, ein Zeichen zu setzen und wenn m\u00f6glich das Gesetz noch in letzter Minute zu kippen. Doch auch wenn das nicht gelingen sollte, wollen wir in den Medien pr\u00e4sent sein. Diesmal wird pressetechnisch alles besser, versprochen \ud83d\ude09<\/p>\n<p>Unsere <a href=\"http:\/\/leipzig.vorratsdatenspeicherung.de\" target=\"_blank\">lokale Ortsgruppe<\/a> organisiert im Rahmen der Aktionen eine <strong>Demonstration in Leipzig<\/strong>. Sie startet am <strong>6. November um 17 Uhr auf dem Augustusplatz<\/strong> und dauert vorraussichtlich bis 19 Uhr. Mehr Informationen zur Demo folgen in K\u00fcrze, Neugierige k\u00f6nnen sich ja f\u00fcr Einzelheiten bereits auf unserer <a href=\"https:\/\/wiki.vorratsdatenspeicherung.de\/Endspurt\/Demonstration_in_Leipzig\" target=\"_blank\">Planungsseite<\/a> umschauen&#8230;<\/p>\n<p>Also, aufgerafft und mitgemacht &#8211; wir z\u00e4hlen auf jeden von Euch!<\/p>\n<p><strong>[Update]<\/strong> Die Demo ist mittlerweile erfolgreich angemeldet, die Route ist abgesegnet. Werbematerial in gro\u00dfen St\u00fcckzahlen bereits verteilt worden. Wir freuen uns auf Euer kommen!<\/p>\n","protected":false},"excerpt":{"rendered":"<p>Der Arbeitskreis Vorratsdatenspeicherung bereitet f\u00fcr den 6. September dezentrale Aktionen unter dem Motto &#8220;Freiheit statt Angst &#8211; F\u00fcr die Grundrechte&#8221; in vielen deutschen St\u00e4dten vor. Der Termin ist bewusst so gew\u00e4hlt worden, denn am 8. bzw. 9. September wird im Bundestag \u00fcber das Gesetz zur Neuregelung der Telekommunikations\u00fcberwachung abgestimmt. Nat\u00fcrlich hoffen wir damit, ein Zeichen &hellip; <a href=\"https:\/\/www.thomaskeller.biz\/blog\/2007\/10\/24\/dezentrale-aktionen-am-6-september-auch-in-deiner-stadt\/\" class=\"more-link\">Continue reading <span class=\"screen-reader-text\">Dezentrale Aktionen am 6. September &#8211; auch in Deiner Stadt? [Update]<\/span><\/a><\/p>\n","protected":false},"author":1,"featured_media":0,"comment_status":"open","ping_status":"open","sticky":false,"template":"","format":"standard","meta":{"footnotes":""},"categories":[23,22],"tags":[],"class_list":["post-102","post","type-post","status-publish","format-standard","hentry","category-ak-vorrat","category-german"],"_links":{"self":[{"href":"https:\/\/www.thomaskeller.biz\/blog\/wp-json\/wp\/v2\/posts\/102","targetHints":{"allow":["GET"]}}],"collection":[{"href":"https:\/\/www.thomaskeller.biz\/blog\/wp-json\/wp\/v2\/posts"}],"about":[{"href":"https:\/\/www.thomaskeller.biz\/blog\/wp-json\/wp\/v2\/types\/post"}],"author":[{"embeddable":true,"href":"https:\/\/www.thomaskeller.biz\/blog\/wp-json\/wp\/v2\/users\/1"}],"replies":[{"embeddable":true,"href":"https:\/\/www.thomaskeller.biz\/blog\/wp-json\/wp\/v2\/comments?post=102"}],"version-history":[{"count":2,"href":"https:\/\/www.thomaskeller.biz\/blog\/wp-json\/wp\/v2\/posts\/102\/revisions"}],"predecessor-version":[{"id":128,"href":"https:\/\/www.thomaskeller.biz\/blog\/wp-json\/wp\/v2\/posts\/102\/revisions\/128"}],"wp:attachment":[{"href":"https:\/\/www.thomaskeller.biz\/blog\/wp-json\/wp\/v2\/media?parent=102"}],"wp:term":[{"taxonomy":"category","embeddable":true,"href":"https:\/\/www.thomaskeller.biz\/blog\/wp-json\/wp\/v2\/categories?post=102"},{"taxonomy":"post_tag","embeddable":true,"href":"https:\/\/www.thomaskeller.biz\/blog\/wp-json\/wp\/v2\/tags?post=102"}],"curies":[{"name":"wp","href":"https:\/\/api.w.org\/{rel}","templated":true}]}}