{"id":107,"date":"2007-11-14T02:13:56","date_gmt":"2007-11-14T00:13:56","guid":{"rendered":"http:\/\/www.xn--schuble-muss-weg-xnb.de\/wp\/2007\/11\/14\/offener-brief-an-den-einsatzleiter\/"},"modified":"2008-08-01T00:46:25","modified_gmt":"2008-07-31T22:46:25","slug":"offener-brief-an-den-einsatzleiter","status":"publish","type":"post","link":"https:\/\/www.thomaskeller.biz\/blog\/2007\/11\/14\/offener-brief-an-den-einsatzleiter\/","title":{"rendered":"Offener Brief an den Einsatzleiter"},"content":{"rendered":"<p>Sehr geehrter Herr Kn\u00f6fler-Apitzsch,<\/p>\n<p>mein Name ist Thomas Keller. Eventuell erinnern Sie sich an mich &#8211; ich war am 6. November 2007 Leiter der Demonstration &#8220;Freiheit statt Angst &#8211; f\u00fcr die Grundrechte&#8221; in Leipzig, die am Augustusplatz startete.<\/p>\n<p>Die Demo war ein voller Erfolg, unseren Sch\u00e4tzungen zufolge kamen weit \u00fcber 1500 Menschen, um friedlich gegen Vorratsdatenspeicherung und andere staatliche \u00dcberwachungsma\u00dfnahmen zu demonstrieren.<\/p>\n<p>Umso unverst\u00e4ndlicher erscheint mir daher bis heute Ihr Verhalten in meiner Gegenwart vor der Demo. Die Art und Weise, wie Sie mir unmissverst\u00e4ndlich klar machen wollten, dass die Demonstrationsauflagen in jedem Fall w\u00f6rtlich vorzulesen seien (&#8220;falls das nicht klappt, k\u00f6nnen wir dass dann auch gerne nochmal machen&#8221;), war und erscheint mir bis heute in h\u00f6chstem Ma\u00dfe unprofessionell.<\/p>\n<p>Ich verstehe, dass die Polizei bei Demonstrationen vor allem gegen Rechts in Leipzig in der Vergangenheit durchaus Probleme bei dem reibungslosen Ablauf hatte (Stichwort: Randale). Bei unserer Demonstration ging es jedoch thematisch um etwas ganz anderes &#8211; und dies hatte ein entsprechend diverses Publikum und verschiedene politische Parteien und Organisationen (Junge Liberale, attac Leipzig, etc.) auf den Plan gerufen. Im Vorfeld anzunehmen, bei dieser Demo w\u00fcrde es wahrscheinlich genauso ablaufen wie bei den &#8220;anderen&#8221; Demos, zeugt von Ignoranz und Unkenntnis.<br \/>\nSchade auch, dass Sie bei dem Treffen am Freitag zuvor (2. November, 9 Uhr) im Ordnungsamt nicht selbst anwesend waren, sondern lediglich zwei Ihrer Kollegen. Hier h\u00e4tten derartige Vorurteile sicher einfach abgebaut werden k\u00f6nnen.<\/p>\n<p>Ich w\u00fcnsche mir daher von Ihnen in der Zukunft, dass Sie im Vorfeld mit Veranstaltern \u00e4hnlicher Events eher das Gespr\u00e4ch suchen und Ihre Position und Aufgabe neben der puren Verk\u00f6rperung der Staatsgewalt auch im Dienste <em>f\u00fcr<\/em> die jeweilige Aktion sehen. Andernfalls wird Ihnen leider nie der Respekt zuteil, den Sie sich in Ihrer Position w\u00fcnschen.<\/p>\n<p>Mit freundlichen Gr\u00fc\u00dfen,<br \/>\nThomas Keller.<\/p>\n","protected":false},"excerpt":{"rendered":"<p>Sehr geehrter Herr Kn\u00f6fler-Apitzsch, mein Name ist Thomas Keller. Eventuell erinnern Sie sich an mich &#8211; ich war am 6. November 2007 Leiter der Demonstration &#8220;Freiheit statt Angst &#8211; f\u00fcr die Grundrechte&#8221; in Leipzig, die am Augustusplatz startete. Die Demo war ein voller Erfolg, unseren Sch\u00e4tzungen zufolge kamen weit \u00fcber 1500 Menschen, um friedlich gegen &hellip; <a href=\"https:\/\/www.thomaskeller.biz\/blog\/2007\/11\/14\/offener-brief-an-den-einsatzleiter\/\" class=\"more-link\">Continue reading <span class=\"screen-reader-text\">Offener Brief an den Einsatzleiter<\/span><\/a><\/p>\n","protected":false},"author":1,"featured_media":0,"comment_status":"open","ping_status":"open","sticky":false,"template":"","format":"standard","meta":{"footnotes":""},"categories":[23,22],"tags":[],"class_list":["post-107","post","type-post","status-publish","format-standard","hentry","category-ak-vorrat","category-german"],"_links":{"self":[{"href":"https:\/\/www.thomaskeller.biz\/blog\/wp-json\/wp\/v2\/posts\/107","targetHints":{"allow":["GET"]}}],"collection":[{"href":"https:\/\/www.thomaskeller.biz\/blog\/wp-json\/wp\/v2\/posts"}],"about":[{"href":"https:\/\/www.thomaskeller.biz\/blog\/wp-json\/wp\/v2\/types\/post"}],"author":[{"embeddable":true,"href":"https:\/\/www.thomaskeller.biz\/blog\/wp-json\/wp\/v2\/users\/1"}],"replies":[{"embeddable":true,"href":"https:\/\/www.thomaskeller.biz\/blog\/wp-json\/wp\/v2\/comments?post=107"}],"version-history":[{"count":2,"href":"https:\/\/www.thomaskeller.biz\/blog\/wp-json\/wp\/v2\/posts\/107\/revisions"}],"predecessor-version":[{"id":121,"href":"https:\/\/www.thomaskeller.biz\/blog\/wp-json\/wp\/v2\/posts\/107\/revisions\/121"}],"wp:attachment":[{"href":"https:\/\/www.thomaskeller.biz\/blog\/wp-json\/wp\/v2\/media?parent=107"}],"wp:term":[{"taxonomy":"category","embeddable":true,"href":"https:\/\/www.thomaskeller.biz\/blog\/wp-json\/wp\/v2\/categories?post=107"},{"taxonomy":"post_tag","embeddable":true,"href":"https:\/\/www.thomaskeller.biz\/blog\/wp-json\/wp\/v2\/tags?post=107"}],"curies":[{"name":"wp","href":"https:\/\/api.w.org\/{rel}","templated":true}]}}