{"id":108,"date":"2007-12-30T01:49:46","date_gmt":"2007-12-29T23:49:46","guid":{"rendered":"http:\/\/www.xn--schuble-muss-weg-xnb.de\/wp\/2007\/12\/30\/schwarz-weis-denken-hat-keine-zukunft\/"},"modified":"2008-08-01T00:46:05","modified_gmt":"2008-07-31T22:46:05","slug":"schwarz-weis-denken-hat-keine-zukunft","status":"publish","type":"post","link":"https:\/\/www.thomaskeller.biz\/blog\/2007\/12\/30\/schwarz-weis-denken-hat-keine-zukunft\/","title":{"rendered":"Schwarz-Wei\u00df-Denken hat keine Zukunft"},"content":{"rendered":"<p>Viele von uns &#8211; und ich nehme mich da gar nicht aus &#8211; haben sich schon so sehr mit dem Begriff &#8220;Stasi 2.0&#8221; als Synonym f\u00fcr Sch\u00e4ubles \u00dcberwachungsma\u00dfnahmen identifiziert, dass sie die Relation, in der die damaligen \u00dcberwachungsma\u00dfnahmen zu den heutigen geplanten oder auch bereits eingef\u00fchrten Ma\u00dfnahmen stehen, nicht mehr hinterfragen.<\/p>\n<p><a href=\"http:\/\/www.systemausfall.de\/\" target=\"_blank\">Daniel Kulla<\/a>, Schriftsteller und Verleger aus Berlin (ich habe nachgeschaut, dem Mann wurde trotz seines jungen Alters bereits ein eigener <a href=\"http:\/\/de.wikipedia.org\/wiki\/Daniel_Kulla\" target=\"_blank\">Wikipedia-Eintrag<\/a> zuteil) &#8211; schreibt in Vorbereitung auf eine Rede, die er heute in der C-base in Berlin gehalten hat, <a href=\"http:\/\/logbuch.c-base.org\/2007\/12\/22\/vortrag-stasi-05-beta\/\" target=\"_blank\">folgendes<\/a>:<\/p>\n<blockquote><p>Stasi 2.0 reloaded schl\u00e4gt zur\u00fcck und is watching you? Die aufrechten Hacker k\u00e4mpfen als Speerspitze der freiheitsliebenden Deutschen gegen den \u00dcberwachungsstaat? \u201cDiesmal stoppen wir sie vor dem Reichstagsbrand\u201d? Vielleicht ist die Gesamtlage doch etwas komplizierter.<\/p>\n<p>Das Ministerium f\u00fcr Staatssicherheit unterhielt 200 000 Zutr\u00e4ger, um die eigenen Staatsb\u00fcrger davon abzuhalten, die Gesellschaftsordnung der DDR in eine der BRD \u00e4hnliche zu verwandeln. Abh\u00f6rtechnik, willk\u00fcrliche Verhaftungen und auch die Verwendung von Geruchsproben geh\u00f6rten zur Routine. Der Innenminister, sein Ministerium und die anderen Sicherheitsfachleute der Gegenwart wollen hingegen die gegenseitige \u00dcberwachung der Marktsubjekte um einzelne, wenig zielf\u00fchrende Ma\u00dfnahmen<br \/>\nerg\u00e4nzen.<\/p>\n<p>[&#8230;]<\/p>\n<p>Wer sich in Deutschland f\u00fcr das Recht auf Privatsph\u00e4re, f\u00fcr Pers\u00f6nlichkeitsrechte allgemein einsetzt, vertritt eine Minderheitenposition und kann sich auf keine Civil Liberties Union st\u00fctzen, nicht auf libert\u00e4re Fraktionen in den Regierungsparteien oder auf eine starke B\u00fcrgerbewegung, die wie in Irland Biometrie in den Ausweisen verhindern k\u00f6nnte.<\/p>\n<p>[&#8230;]<\/p>\n<p>Stasi 2.0? Nein, ganz einfach Volk 1.0, Standardausgabe. Wer in der Zeitung \u00fcber seine Nachbarn lesen will, was sie f\u00fcr sexuelle Gepflogenheiten haben oder wie gemeinschaftsfeindlich sie sich der unkorrekten M\u00fclltrennung schuldig machen, der hat wenig Skrupel, was einen starken, sch\u00fctzenden Staat angeht.<\/p><\/blockquote>\n<p>Nat\u00fcrlich blieb diese &#8220;Provokation&#8221; auf Seiten des AK Vorrat in Person von <a href=\"http:\/\/www.auchdieserschwachsinnmussinsinternet.de\/archives\/2007\/12\/#e2007-12-29T23_03_58.txt\" target=\"_blank\">Volker Birk nicht unbeantwortet<\/a>.<\/p>\n<p>Ich pers\u00f6nlich kann mich in letzter Zeit mit beiden Meinungen nicht wirklich identifizieren.<\/p>\n<p>Auf der einen Seite ist es mehr als betr\u00fcblich, dass die Sicherheitsmaschinerie des Innenministeriums, quasi ohne ins Stocken zu geraten, weiterl\u00e4uft. Sicher haben sich mittlerweile \u00fcber <a href=\"http:\/\/www.vorratsdatenspeicherung.de\/content\/view\/180\/55\/lang,de\/\" target=\"_blank\">25.000 Personen der Verfassungsbeschwerde gegen die Vorratsdatenspeicherung<\/a> angeschlossen und nat\u00fcrlich hoffe ich wie alle anderen Unterzeichner auf einen Erfolg.<\/p>\n<p>Aber wie ist der zu definieren? Ganz an der Vorratsdatenspeicherung vorbei werden wir wohl nicht kommen &#8211; das ist nicht zu erwarten. Und selbst wenn die VDS in ihrer jetzigen Form irgendwie gestoppt wird, so schnell wie wir aus dem hiesigen Innenministerium mit neuen Ma\u00dfnahmen (Online-Duchsuchung, ePass, ePerso, im weitergehenden Sinne auch elektronische Gesundheitskarte und <a href=\"http:\/\/www.heise.de\/newsticker\/meldung\/93219\" target=\"_blank\">eCall<\/a>) befeuert werden, wird uns bald die Puste ausgehen. Der Grund ist einfach: Es gibt immer noch keinen breiten Widerstand durch alle Bev\u00f6lkerungsschichten, wir sprechen von mehreren zehntausend aktivierten Menschen, ben\u00f6tigt werden jedoch Hunderttausende.<\/p>\n<p>Werden die sich in Zeiten der Selbstentbl\u00f6\u00dfung im Web 2.0, wo Menschen sich und ihre Daten prostituieren, mehr von sich preis geben als Sch\u00e4uble je von uns wissen werden will, wirklich finden? Ich wei\u00df es nicht. Ich hoffe es, aber ich bin mir wirklich unsicher. Vielleicht ist der Wunsch, Geheimnisse f\u00fcr sich zu behalten, ein in 20 Jahren nicht mehr l\u00e4nger erstrebenswertes Ziel? Was wird mein jetzt anderthalb Jahre alter Sohn zu den Bef\u00fcrchtungen, Mahnungen und \u00c4ngsten seines &#8220;alten Herrn&#8221; dann entgegnen?<\/p>\n<p>Auf der anderen Seite macht es bei dem aktuellen, politischen Tagesgeschehen (<a href=\"http:\/\/www.spiegel.de\/politik\/ausland\/0,1518,525688,00.html\" target=\"_blank\">Islamisten mit Atombombe in greifbarer N\u00e4he?<\/a>) aber auch keinen Sinn, sich als &#8220;unverbesserlicher Datensch\u00fctzer&#8221; aufzuf\u00fchren; und es hat wahrscheinlich auch nie wirklich Sinn gemacht. Wie soll die Polizei m\u00f6glicher neuer Angriffsarten Herr werden, wenn sie sich und ihre Techniken und Verfahren nicht ebenfalls weiterentwickelt? Nat\u00fcrlich will ich keine umfassende \u00dcberwachung, aber ich m\u00f6chte auch nicht von einem fundamentalistischen Islamisten an der n\u00e4chsten Kreuzung mitsamt meiner noch jungen Familie umgebracht werden. Klar, wie wahrscheinlich ist das, dass das passiert? Doch wie gro\u00df ist das Leid der Familien und das Gezeter, <strong>wenn<\/strong> es dann doch passiert&#8230;?<\/p>\n<p>Es gilt, wie immer und \u00fcberall im Leben, einen Kompromiss zu finden. Und ich bin da ganz ehrlich: Habe ich wirklich bessere Vorschl\u00e4ge und Ideen, die meine, die unsere Sicherheit garantieren? Nein, nicht wirklich.<\/p>\n<p>Sicher, absolute Sicherheit gibt es nicht und Sicherheitsgarantien sind ohnehin Bl\u00f6dsinn. Rational denken hilft bei Terroristen aber ebenso wenig. Ein Denkansto\u00df zu dem fehlgeschlagenen Versuch des Westens, die &#8220;Radikalen doch noch irgendwie zu zivilisieren&#8221;, liefert bspw. ein Artikel auf <a href=\"http:\/\/www.spiegel.de\/politik\/debatte\/0,1518,525846,00.html\" target=\"_blank\">Spiegel Online<\/a>:<\/p>\n<blockquote><p>W\u00e4hrend die europ\u00e4ischen Intellektuellen sich dar\u00fcber die K\u00f6pfe zerbrechen, wie man den Islamismus bek\u00e4mpfen k\u00f6nne, ohne die moderaten Moslems in die Arme der Extremisten zu treiben, bestimmen die Fundamentalisten den Gang und das Tempo der Auseinandersetzung. Ob es ein paar harmlose Mohammed-Karikaturen sind, die in einer d\u00e4nischen Zeitung erschienen sind oder ein Teddyb\u00e4r, den eine im Sudan lebende Britin &#8220;Mohammed&#8221; genannt hat oder die Ernennung von Salman Rushdie zum Ritter \u2013 f\u00fcr die Fundamentalisten sind das alles Belege einer im Westen grassierenden Islamophobie.<\/p>\n<p>Wenn sie dagegen Geiseln enthaupten, Ehebrecherinnen steinigen und Homosexuelle aufh\u00e4ngen, dann setzen sie nur ihren Glauben in die Tat um und verbitten sich jede Kritik, die sie nat\u00fcrlich auch als &#8220;islamophob&#8221; empfinden. Aller R\u00fcckst\u00e4ndigkeit zum Trotz haben die Fundamentalisten eine Lektion gelernt: Schurkereien machen sich bezahlt, der Westen ist im Begriff, aus Angst vor dem Tode Selbstmord zu begehen.<\/p><\/blockquote>\n<p>Wie kann man denn aber nun Terrorismus wirklich den N\u00e4hrboden entziehen und damit die ganze Sicherheitsmaschinerie \u00fcberfl\u00fcssig machen?<\/p>\n<p>Ich denke, es ist Neid, Verzweiflung und Armut, die Menschen zu Selbstmordattent\u00e4tern werden l\u00e4sst, verbunden mit fehlender Bildung und Verblendung. Wir betreiben auf Kosten unserer eigenen Freiheit ein globales Wettr\u00fcsten, um unsere Sicherheit, unseren Wohlstand zu sichern. Aber wie viel tun wir gegen das vielgesichtige Leid der Menschen in den Regionen auf dieser Welt, in denen Terrorismus seine Brutst\u00e4tten hat? Und wie hoch sind im Vergleich dazu die Milit\u00e4r- und Verteidigungsausgaben der westlichen L\u00e4nder &#8211; wie hoch ist unser eigener Wohlstand?<\/p>\n<p>Es ist gleichzeitig be\u00e4ngstigend, aber von einem \u00e4u\u00dferen Standpunkt auch interessant, zu erfahren, was die Zukunft f\u00fcr uns bereit h\u00e4lt.<\/p>\n<p>Trotz alledem ein frohes neues Jahr 2008.<\/p>\n","protected":false},"excerpt":{"rendered":"<p>Viele von uns &#8211; und ich nehme mich da gar nicht aus &#8211; haben sich schon so sehr mit dem Begriff &#8220;Stasi 2.0&#8221; als Synonym f\u00fcr Sch\u00e4ubles \u00dcberwachungsma\u00dfnahmen identifiziert, dass sie die Relation, in der die damaligen \u00dcberwachungsma\u00dfnahmen zu den heutigen geplanten oder auch bereits eingef\u00fchrten Ma\u00dfnahmen stehen, nicht mehr hinterfragen. Daniel Kulla, Schriftsteller und &hellip; <a href=\"https:\/\/www.thomaskeller.biz\/blog\/2007\/12\/30\/schwarz-weis-denken-hat-keine-zukunft\/\" class=\"more-link\">Continue reading <span class=\"screen-reader-text\">Schwarz-Wei\u00df-Denken hat keine Zukunft<\/span><\/a><\/p>\n","protected":false},"author":1,"featured_media":0,"comment_status":"open","ping_status":"open","sticky":false,"template":"","format":"standard","meta":{"footnotes":""},"categories":[23,22,10],"tags":[],"class_list":["post-108","post","type-post","status-publish","format-standard","hentry","category-ak-vorrat","category-german","category-life"],"_links":{"self":[{"href":"https:\/\/www.thomaskeller.biz\/blog\/wp-json\/wp\/v2\/posts\/108","targetHints":{"allow":["GET"]}}],"collection":[{"href":"https:\/\/www.thomaskeller.biz\/blog\/wp-json\/wp\/v2\/posts"}],"about":[{"href":"https:\/\/www.thomaskeller.biz\/blog\/wp-json\/wp\/v2\/types\/post"}],"author":[{"embeddable":true,"href":"https:\/\/www.thomaskeller.biz\/blog\/wp-json\/wp\/v2\/users\/1"}],"replies":[{"embeddable":true,"href":"https:\/\/www.thomaskeller.biz\/blog\/wp-json\/wp\/v2\/comments?post=108"}],"version-history":[{"count":2,"href":"https:\/\/www.thomaskeller.biz\/blog\/wp-json\/wp\/v2\/posts\/108\/revisions"}],"predecessor-version":[{"id":120,"href":"https:\/\/www.thomaskeller.biz\/blog\/wp-json\/wp\/v2\/posts\/108\/revisions\/120"}],"wp:attachment":[{"href":"https:\/\/www.thomaskeller.biz\/blog\/wp-json\/wp\/v2\/media?parent=108"}],"wp:term":[{"taxonomy":"category","embeddable":true,"href":"https:\/\/www.thomaskeller.biz\/blog\/wp-json\/wp\/v2\/categories?post=108"},{"taxonomy":"post_tag","embeddable":true,"href":"https:\/\/www.thomaskeller.biz\/blog\/wp-json\/wp\/v2\/tags?post=108"}],"curies":[{"name":"wp","href":"https:\/\/api.w.org\/{rel}","templated":true}]}}