{"id":169,"date":"2008-08-14T23:15:27","date_gmt":"2008-08-14T21:15:27","guid":{"rendered":"http:\/\/www.thomaskeller.biz\/blog\/?p=169"},"modified":"2008-08-14T23:19:32","modified_gmt":"2008-08-14T21:19:32","slug":"demo-am-2709-in-leipzig-busse-fur-berliner-demo-buchbar","status":"publish","type":"post","link":"https:\/\/www.thomaskeller.biz\/blog\/2008\/08\/14\/demo-am-2709-in-leipzig-busse-fur-berliner-demo-buchbar\/","title":{"rendered":"Demo am 27.09. in Leipzig &#8211; Busse f\u00fcr Berliner Demo buchbar"},"content":{"rendered":"<p>Unsere <a href=\"http:\/\/leipzig.vorratsdatenspeicherung.de\">Ortsgruppe<\/a> des <a href=\"http:\/\/ak-vorrat.de\">Arbeitskreises Vorratsdatenspeicherung<\/a> organisiert am Samstag, den 27.09.2008, eine Demonstration in der Leipziger Innenstadt.<\/p>\n<p align=\"center\"><a href=\"http:\/\/freiheitstattangst.de\"><img decoding=\"async\" src=\"http:\/\/www.vorratsdatenspeicherung.de\/images\/freiheit-statt-angst01.png\" \/><\/a><\/p>\n<p>Die Demonstration soll vorbereitend und im Hinblick auf die geplante Gro\u00dfdemonstration am 11.10.2008 in Berlin, die wieder unter dem Motto <a href=\"http:\/\/freiheitstattangst.de\/\">&#8220;Freiheit statt Angst&#8221;<\/a> stattfindet, die Leipziger zur Teilnahme am Widerstand gegen den \u00dcberwachungsstaat bewegen.<\/p>\n<p>Weiterhin werden an den zwei Samstagen vor der Leipziger Demo weitere Infost\u00e4nde stattfinden, bei der wir zus\u00e4tzlich Pr\u00e4senz zeigen und auf unser Anliegen aufmerksam machen m\u00f6chten. Die Planungsseite f\u00fcr die Demo am 27.09. befindet sich in <a href=\"http:\/\/wiki.vorratsdatenspeicherung.de\/Ortsgruppen\/Leipzig\/Planung\/Demo_27-09-2008\">unserem Wiki<\/a> &#8211; wer mithelfen m\u00f6chte (und sei es nur, Plakate im Vorfeld zu kleben oder Flyer zu verteilen), tr\u00e4gt sich am besten <a href=\"http:\/\/wiki.vorratsdatenspeicherung.de\/Ortsgruppen\/Leipzig\/Planung\/Demo_27-09-2008\">dort ein<\/a>.<\/p>\n<p>\u00dcbrigens, wer jetzt schon wei\u00df, dass er am 11. Oktober in Berlin an der Demo teilnehmen m\u00f6chte, aber noch nicht genau wei\u00df, wie er nach Berlin kommt, dem sei der vom FoeBuD e.V. organisierte, bundesweit verf\u00fcgbare <a href=\"https:\/\/shop.foebud.org\/index.php?cName=akvorrat--demobus-c-36_42\">Bustransfer<\/a> ans Herz gelegt. Fr\u00fchbucher erhalten bis 31. August einen zus\u00e4tzlichen Rabatt von 20%, sodass bspw. die <a href=\"https:\/\/shop.foebud.org\/product_info.php?pName=demobus-ab-leipzig-hin-und-rueckfahrt-p-336&#038;cName=-demobus-sachsen-c-36_42_54\">Hin- und R\u00fcckfahrt von Leipzig nach Berlin<\/a> lediglich 18,40 Euro kostet. Wie aber bereits angek\u00fcndigt, werden wir versuchen, auch mit der Bahn und g\u00fcnstigen Wochenendtickets soviele Leute wie m\u00f6glich am 11. Oktober mit nach Berlin zu nehmen. Wenn von Eurer Seite Interesse besteht, so nach Berlin zu kommen, meldet Euch bitte, am besten per E-Mail, unter <a href=\"mailto:ak-vds-leipzig@c3le.de\">ak-vds-leipzig@c3le.de<\/a>.<\/p>\n<p>Und zu guter Letzt: Falls ihr die Nachrichten von den bevorstehenden Aktionen weitergeben k\u00f6nntet und ggf. in Euren Blogs \/ Foren dar\u00fcber schreiben k\u00f6nntet, w\u00e4re uns ebenfalls sehr geholfen!<\/p>\n<p>Let&#8217;s Rock!<\/p>\n","protected":false},"excerpt":{"rendered":"<p>Unsere Ortsgruppe des Arbeitskreises Vorratsdatenspeicherung organisiert am Samstag, den 27.09.2008, eine Demonstration in der Leipziger Innenstadt. Die Demonstration soll vorbereitend und im Hinblick auf die geplante Gro\u00dfdemonstration am 11.10.2008 in Berlin, die wieder unter dem Motto &#8220;Freiheit statt Angst&#8221; stattfindet, die Leipziger zur Teilnahme am Widerstand gegen den \u00dcberwachungsstaat bewegen. Weiterhin werden an den zwei &hellip; <a href=\"https:\/\/www.thomaskeller.biz\/blog\/2008\/08\/14\/demo-am-2709-in-leipzig-busse-fur-berliner-demo-buchbar\/\" class=\"more-link\">Continue reading <span class=\"screen-reader-text\">Demo am 27.09. in Leipzig &#8211; Busse f\u00fcr Berliner Demo buchbar<\/span><\/a><\/p>\n","protected":false},"author":1,"featured_media":0,"comment_status":"open","ping_status":"open","sticky":false,"template":"","format":"standard","meta":{"footnotes":""},"categories":[23,22],"tags":[],"class_list":["post-169","post","type-post","status-publish","format-standard","hentry","category-ak-vorrat","category-german"],"_links":{"self":[{"href":"https:\/\/www.thomaskeller.biz\/blog\/wp-json\/wp\/v2\/posts\/169","targetHints":{"allow":["GET"]}}],"collection":[{"href":"https:\/\/www.thomaskeller.biz\/blog\/wp-json\/wp\/v2\/posts"}],"about":[{"href":"https:\/\/www.thomaskeller.biz\/blog\/wp-json\/wp\/v2\/types\/post"}],"author":[{"embeddable":true,"href":"https:\/\/www.thomaskeller.biz\/blog\/wp-json\/wp\/v2\/users\/1"}],"replies":[{"embeddable":true,"href":"https:\/\/www.thomaskeller.biz\/blog\/wp-json\/wp\/v2\/comments?post=169"}],"version-history":[{"count":7,"href":"https:\/\/www.thomaskeller.biz\/blog\/wp-json\/wp\/v2\/posts\/169\/revisions"}],"predecessor-version":[{"id":176,"href":"https:\/\/www.thomaskeller.biz\/blog\/wp-json\/wp\/v2\/posts\/169\/revisions\/176"}],"wp:attachment":[{"href":"https:\/\/www.thomaskeller.biz\/blog\/wp-json\/wp\/v2\/media?parent=169"}],"wp:term":[{"taxonomy":"category","embeddable":true,"href":"https:\/\/www.thomaskeller.biz\/blog\/wp-json\/wp\/v2\/categories?post=169"},{"taxonomy":"post_tag","embeddable":true,"href":"https:\/\/www.thomaskeller.biz\/blog\/wp-json\/wp\/v2\/tags?post=169"}],"curies":[{"name":"wp","href":"https:\/\/api.w.org\/{rel}","templated":true}]}}