{"id":368,"date":"2009-05-04T12:12:06","date_gmt":"2009-05-04T11:12:06","guid":{"rendered":"http:\/\/www.thomaskeller.biz\/blog\/?p=368"},"modified":"2009-05-04T12:12:06","modified_gmt":"2009-05-04T11:12:06","slug":"epetition-keine-indizierung-und-sperrung-von-internetseiten","status":"publish","type":"post","link":"https:\/\/www.thomaskeller.biz\/blog\/2009\/05\/04\/epetition-keine-indizierung-und-sperrung-von-internetseiten\/","title":{"rendered":"ePetition: Keine Indizierung und Sperrung von Internetseiten"},"content":{"rendered":"<p>Jetzt die <a href=\"https:\/\/epetitionen.bundestag.de\/index.php?action=petition;sa=details;petition=3860\">ePetition auf bundestag.de gegen die Internetzensur<\/a> mitzeichnen!<\/p>\n<blockquote><p>\nWir fordern, da\u00df der Deutsche Bundestag die \u00c4nderung des Telemediengesetzes nach dem Gesetzentwurf des Bundeskabinetts vom 22.4.09 ablehnt. Wir halten das geplante Vorgehen, Internetseiten vom BKA indizieren &#038; von den Providern sperren zu lassen, f\u00fcr undurchsichtig &#038; unkontrollierbar, da die &#8220;Sperrlisten&#8221; weder einsehbar sind noch genau festgelegt ist, nach welchen Kriterien Webseiten auf die Liste gesetzt werden. Wir sehen darin eine Gef\u00e4hrdung des Grundrechtes auf Informationsfreiheit.<\/p>\n<p>Das vornehmliche Ziel \u2013 Kinder zu sch\u00fctzen und sowohl ihren Mi\u00dfbrauch, als auch die Verbreitung von Kinderpornografie, zu verhindern stellen wir dabei absolut nicht in Frage \u2013 im Gegenteil, es ist in unser aller Interesse. Dass die im Vorhaben vorgesehenen Ma\u00dfnahmen daf\u00fcr denkbar ungeeignet sind, wurde an vielen Stellen offengelegt und von Experten aus den unterschiedlichsten Bereichen mehrfach best\u00e4tigt. Eine Sperrung von Internetseiten hat so gut wie keinen nachweisbaren Einflu\u00df auf die k\u00f6rperliche und seelische Unversehrtheit mi\u00dfbrauchter Kinder.<\/p><\/blockquote>\n<p><a href=\"http:\/\/www.heise.de\/ct\/Die-Argumente-fuer-Kinderporno-Sperren-laufen-ins-Leere--\/artikel\/135867\">Hintergrundartikel auf heise online<\/a>.<\/p>\n","protected":false},"excerpt":{"rendered":"<p>Jetzt die ePetition auf bundestag.de gegen die Internetzensur mitzeichnen! Wir fordern, da\u00df der Deutsche Bundestag die \u00c4nderung des Telemediengesetzes nach dem Gesetzentwurf des Bundeskabinetts vom 22.4.09 ablehnt. Wir halten das geplante Vorgehen, Internetseiten vom BKA indizieren &#038; von den Providern sperren zu lassen, f\u00fcr undurchsichtig &#038; unkontrollierbar, da die &#8220;Sperrlisten&#8221; weder einsehbar sind noch genau &hellip; <a href=\"https:\/\/www.thomaskeller.biz\/blog\/2009\/05\/04\/epetition-keine-indizierung-und-sperrung-von-internetseiten\/\" class=\"more-link\">Continue reading <span class=\"screen-reader-text\">ePetition: Keine Indizierung und Sperrung von Internetseiten<\/span><\/a><\/p>\n","protected":false},"author":1,"featured_media":0,"comment_status":"open","ping_status":"open","sticky":false,"template":"","format":"standard","meta":{"footnotes":""},"categories":[22],"tags":[],"class_list":["post-368","post","type-post","status-publish","format-standard","hentry","category-german"],"_links":{"self":[{"href":"https:\/\/www.thomaskeller.biz\/blog\/wp-json\/wp\/v2\/posts\/368","targetHints":{"allow":["GET"]}}],"collection":[{"href":"https:\/\/www.thomaskeller.biz\/blog\/wp-json\/wp\/v2\/posts"}],"about":[{"href":"https:\/\/www.thomaskeller.biz\/blog\/wp-json\/wp\/v2\/types\/post"}],"author":[{"embeddable":true,"href":"https:\/\/www.thomaskeller.biz\/blog\/wp-json\/wp\/v2\/users\/1"}],"replies":[{"embeddable":true,"href":"https:\/\/www.thomaskeller.biz\/blog\/wp-json\/wp\/v2\/comments?post=368"}],"version-history":[{"count":1,"href":"https:\/\/www.thomaskeller.biz\/blog\/wp-json\/wp\/v2\/posts\/368\/revisions"}],"predecessor-version":[{"id":369,"href":"https:\/\/www.thomaskeller.biz\/blog\/wp-json\/wp\/v2\/posts\/368\/revisions\/369"}],"wp:attachment":[{"href":"https:\/\/www.thomaskeller.biz\/blog\/wp-json\/wp\/v2\/media?parent=368"}],"wp:term":[{"taxonomy":"category","embeddable":true,"href":"https:\/\/www.thomaskeller.biz\/blog\/wp-json\/wp\/v2\/categories?post=368"},{"taxonomy":"post_tag","embeddable":true,"href":"https:\/\/www.thomaskeller.biz\/blog\/wp-json\/wp\/v2\/tags?post=368"}],"curies":[{"name":"wp","href":"https:\/\/api.w.org\/{rel}","templated":true}]}}