{"id":382,"date":"2009-06-16T23:55:46","date_gmt":"2009-06-16T22:55:46","guid":{"rendered":"http:\/\/www.thomaskeller.biz\/blog\/?p=382"},"modified":"2009-06-17T00:13:24","modified_gmt":"2009-06-16T23:13:24","slug":"von-der-leyen-beim-leipziger-gesprach","status":"publish","type":"post","link":"https:\/\/www.thomaskeller.biz\/blog\/2009\/06\/16\/von-der-leyen-beim-leipziger-gesprach\/","title":{"rendered":"Von der Leyen beim Leipziger Gespr\u00e4ch"},"content":{"rendered":"<p>&#8230;und endlich, nach etwa einer Stunde teils tr\u00f6gen Talks, konnte ich durch meine Zuschauerfrage auf das Thema Websperren aufmerksam machen und es nahm seinen Lauf. Leider fiel es einigen &#8220;Zensursula&#8221;-Gegnern aus unserem Umfeld nicht leicht, den Dialog sachlich fortzuf\u00fchren und so wurde durch deren Gegr\u00f6hl die Zuschauermenge eher (von uns) angewidert als angestachelt, mehr zu erfahren und zu hinterfragen. Wir konnten dann aber wenigestens im Anschluss noch einige Gespr\u00e4che f\u00fchren und unser Aufkl\u00e4rungsfaltblatt an die Frau \/ den Mann bringen &#8211; ohne kreischende Dummbeutel w\u00e4re es wohl aber noch ein gr\u00f6\u00dferer Erfolg gewesen.<\/p>\n<p>Links: <a href=\"http:\/\/blog.fefe.de\/?ts=b4c9e976\">Kurzbericht von FeFe<\/a>, <a href=\"http:\/\/www.derflash.de\/page\/?p=419\">Kurzbericht von metafrog<\/a>, <a href=\"http:\/\/c22033-o.l.core.cdn.streamfarm.net\/22033mdr\/ondemand\/3087mdr\/MDR_vgnmpx_download\/digas-4b1607ce-d29c-4455-9a15-dfcbdd76cf0a.mp3\">Audio von MDR Info<\/a>, <a href=\"http:\/\/www.youtube.com\/watch?v=OPc_O-SWkzk\">Video<\/a><\/p>\n","protected":false},"excerpt":{"rendered":"<p>&#8230;und endlich, nach etwa einer Stunde teils tr\u00f6gen Talks, konnte ich durch meine Zuschauerfrage auf das Thema Websperren aufmerksam machen und es nahm seinen Lauf. Leider fiel es einigen &#8220;Zensursula&#8221;-Gegnern aus unserem Umfeld nicht leicht, den Dialog sachlich fortzuf\u00fchren und so wurde durch deren Gegr\u00f6hl die Zuschauermenge eher (von uns) angewidert als angestachelt, mehr zu &hellip; <a href=\"https:\/\/www.thomaskeller.biz\/blog\/2009\/06\/16\/von-der-leyen-beim-leipziger-gesprach\/\" class=\"more-link\">Continue reading <span class=\"screen-reader-text\">Von der Leyen beim Leipziger Gespr\u00e4ch<\/span><\/a><\/p>\n","protected":false},"author":1,"featured_media":0,"comment_status":"open","ping_status":"open","sticky":false,"template":"","format":"standard","meta":{"footnotes":""},"categories":[23,22],"tags":[],"class_list":["post-382","post","type-post","status-publish","format-standard","hentry","category-ak-vorrat","category-german"],"_links":{"self":[{"href":"https:\/\/www.thomaskeller.biz\/blog\/wp-json\/wp\/v2\/posts\/382","targetHints":{"allow":["GET"]}}],"collection":[{"href":"https:\/\/www.thomaskeller.biz\/blog\/wp-json\/wp\/v2\/posts"}],"about":[{"href":"https:\/\/www.thomaskeller.biz\/blog\/wp-json\/wp\/v2\/types\/post"}],"author":[{"embeddable":true,"href":"https:\/\/www.thomaskeller.biz\/blog\/wp-json\/wp\/v2\/users\/1"}],"replies":[{"embeddable":true,"href":"https:\/\/www.thomaskeller.biz\/blog\/wp-json\/wp\/v2\/comments?post=382"}],"version-history":[{"count":4,"href":"https:\/\/www.thomaskeller.biz\/blog\/wp-json\/wp\/v2\/posts\/382\/revisions"}],"predecessor-version":[{"id":385,"href":"https:\/\/www.thomaskeller.biz\/blog\/wp-json\/wp\/v2\/posts\/382\/revisions\/385"}],"wp:attachment":[{"href":"https:\/\/www.thomaskeller.biz\/blog\/wp-json\/wp\/v2\/media?parent=382"}],"wp:term":[{"taxonomy":"category","embeddable":true,"href":"https:\/\/www.thomaskeller.biz\/blog\/wp-json\/wp\/v2\/categories?post=382"},{"taxonomy":"post_tag","embeddable":true,"href":"https:\/\/www.thomaskeller.biz\/blog\/wp-json\/wp\/v2\/tags?post=382"}],"curies":[{"name":"wp","href":"https:\/\/api.w.org\/{rel}","templated":true}]}}