{"id":443,"date":"2009-10-11T22:24:40","date_gmt":"2009-10-11T21:24:40","guid":{"rendered":"http:\/\/www.thomaskeller.biz\/blog\/?p=443"},"modified":"2009-10-11T23:07:07","modified_gmt":"2009-10-11T22:07:07","slug":"leipzig-nimmt-platz","status":"publish","type":"post","link":"https:\/\/www.thomaskeller.biz\/blog\/2009\/10\/11\/leipzig-nimmt-platz\/","title":{"rendered":"Leipzig nimmt Platz"},"content":{"rendered":"<p>Am n\u00e4chsten Samstag, den 17.10., ist es soweit: Nazis wollen unter dem Motto &#8220;Recht auf Zukunft&#8221; durch den Leipziger Osten marschieren und das B\u00fcndnis <a href=\"http:\/\/www.leipzig-nimmt-platz.de\">&#8220;Leipzig nimmt Platz&#8221;<\/a> plant passiven Widerstand dazu. Wer rechtes Gedankengut verabscheut und es auch ertragen kann, dass Faschisten durch unsere Stra\u00dfen marschieren, dem sei hiermit ans Herz gelegt, sich doch einfach an der Initiative zu beteiligen. Derzeit gibt es schon mindestens 600 Bef\u00fcrworter.<\/p>\n<p>Was man schon im Vorfeld konkret tun kann? Hier sind zwei M\u00f6glichkeiten:<\/p>\n<ul>\n<li>den Aufruf auf <a href=\"http:\/\/www.leipzig-nimmt-platz.de\">mit einer Unterschrift unterst\u00fctzen<\/a><\/li>\n<li>die Nachricht des Widerstands in sozialen Netzwerken, dem Freundes- und Bekanntenkreis weiterleiten<\/li>\n<\/ul>\n<p>Was kann man am 17.10. tun?<\/p>\n<ul>\n<li>am Stra\u00dfenrand bzw. vom Fenster aus Flagge gegen Rechts zeigen<\/li>\n<li>an Sitzblockaden mitwirken, um die Demo zu stoppen (sie ist jedoch schon in Erwartung bis 24 Uhr angemeldet worden)<\/li>\n<\/ul>\n<p>Wie bei jeder Demo muss daran gedacht werden, dass alle Aktionen rechtsstaatlich abgesichert sein m\u00fcssen. Gewalt ist also kein legitimes Mittel. Und auch wenn es bspw. den Polizisten an diesem Tag stinkt, sie m\u00fcssen ihrem Job nachgehen und f\u00fcr die St\u00f6rungsfreiheit der angemeldeten Demo sorgen.<\/p>\n<p>Zum Schluss immer daran denken: Sie m\u00f6gen viele sein, aber wir sind mehr! Demokratiefeinde haben weder in Reudnitz noch sonst irgendwo ungest\u00f6rte Redefreiheit verdient!<\/p>\n","protected":false},"excerpt":{"rendered":"<p>Am n\u00e4chsten Samstag, den 17.10., ist es soweit: Nazis wollen unter dem Motto &#8220;Recht auf Zukunft&#8221; durch den Leipziger Osten marschieren und das B\u00fcndnis &#8220;Leipzig nimmt Platz&#8221; plant passiven Widerstand dazu. Wer rechtes Gedankengut verabscheut und es auch ertragen kann, dass Faschisten durch unsere Stra\u00dfen marschieren, dem sei hiermit ans Herz gelegt, sich doch einfach &hellip; <a href=\"https:\/\/www.thomaskeller.biz\/blog\/2009\/10\/11\/leipzig-nimmt-platz\/\" class=\"more-link\">Continue reading <span class=\"screen-reader-text\">Leipzig nimmt Platz<\/span><\/a><\/p>\n","protected":false},"author":1,"featured_media":0,"comment_status":"open","ping_status":"open","sticky":false,"template":"","format":"standard","meta":{"footnotes":""},"categories":[22],"tags":[],"class_list":["post-443","post","type-post","status-publish","format-standard","hentry","category-german"],"_links":{"self":[{"href":"https:\/\/www.thomaskeller.biz\/blog\/wp-json\/wp\/v2\/posts\/443","targetHints":{"allow":["GET"]}}],"collection":[{"href":"https:\/\/www.thomaskeller.biz\/blog\/wp-json\/wp\/v2\/posts"}],"about":[{"href":"https:\/\/www.thomaskeller.biz\/blog\/wp-json\/wp\/v2\/types\/post"}],"author":[{"embeddable":true,"href":"https:\/\/www.thomaskeller.biz\/blog\/wp-json\/wp\/v2\/users\/1"}],"replies":[{"embeddable":true,"href":"https:\/\/www.thomaskeller.biz\/blog\/wp-json\/wp\/v2\/comments?post=443"}],"version-history":[{"count":3,"href":"https:\/\/www.thomaskeller.biz\/blog\/wp-json\/wp\/v2\/posts\/443\/revisions"}],"predecessor-version":[{"id":445,"href":"https:\/\/www.thomaskeller.biz\/blog\/wp-json\/wp\/v2\/posts\/443\/revisions\/445"}],"wp:attachment":[{"href":"https:\/\/www.thomaskeller.biz\/blog\/wp-json\/wp\/v2\/media?parent=443"}],"wp:term":[{"taxonomy":"category","embeddable":true,"href":"https:\/\/www.thomaskeller.biz\/blog\/wp-json\/wp\/v2\/categories?post=443"},{"taxonomy":"post_tag","embeddable":true,"href":"https:\/\/www.thomaskeller.biz\/blog\/wp-json\/wp\/v2\/tags?post=443"}],"curies":[{"name":"wp","href":"https:\/\/api.w.org\/{rel}","templated":true}]}}