{"id":452,"date":"2009-10-20T14:00:04","date_gmt":"2009-10-20T13:00:04","guid":{"rendered":"http:\/\/www.thomaskeller.biz\/blog\/?p=452"},"modified":"2009-10-20T14:00:04","modified_gmt":"2009-10-20T13:00:04","slug":"geht-auf-die-strase","status":"publish","type":"post","link":"https:\/\/www.thomaskeller.biz\/blog\/2009\/10\/20\/geht-auf-die-strase\/","title":{"rendered":"Geht auf die Stra\u00dfe!"},"content":{"rendered":"<p>Das folgende Video stammt aus der WDR-Sendung &#8220;Mitternachtsspitzen&#8221; und ist schon einige Tage alt. Wilfried Schmickler, der hier zur absoluten H\u00f6chstform aufl\u00e4uft, poltert gegen weltfremde Politiker in unseren tollen neuen neoliberalen &#8220;Kuschelkoalition&#8221;:<\/p>\n<p><object width=\"440\" height=\"275\"><param name=\"movie\" value=\"http:\/\/www.youtube.com\/v\/VvUN6k9F2ic&#038;hl=de&#038;fs=1&#038;color1=0x3a3a3a&#038;color2=0x999999&#038;border=1\"><\/param><param name=\"allowFullScreen\" value=\"true\"><\/param><param name=\"allowscriptaccess\" value=\"always\"><\/param><embed src=\"http:\/\/www.youtube.com\/v\/VvUN6k9F2ic&#038;hl=de&#038;fs=1&#038;color1=0x3a3a3a&#038;color2=0x999999&#038;border=1\" type=\"application\/x-shockwave-flash\" allowscriptaccess=\"always\" allowfullscreen=\"true\" width=\"440\" height=\"275\"><\/embed><\/object><\/p>\n<p>Solange allerdings die volle-Tasche-leere-Tasche-Politik so wie bisher weitergef\u00fchrt wird (ein Euro mehr in der linken, daf\u00fcr einsfuffzich weniger in der rechten), glaube ich nicht, dass der fromme Wunsch der Kabarettisten auf mehr B\u00fcrgerbeteiligung aufgeht.<\/p>\n","protected":false},"excerpt":{"rendered":"<p>Das folgende Video stammt aus der WDR-Sendung &#8220;Mitternachtsspitzen&#8221; und ist schon einige Tage alt. Wilfried Schmickler, der hier zur absoluten H\u00f6chstform aufl\u00e4uft, poltert gegen weltfremde Politiker in unseren tollen neuen neoliberalen &#8220;Kuschelkoalition&#8221;: Solange allerdings die volle-Tasche-leere-Tasche-Politik so wie bisher weitergef\u00fchrt wird (ein Euro mehr in der linken, daf\u00fcr einsfuffzich weniger in der rechten), glaube ich &hellip; <a href=\"https:\/\/www.thomaskeller.biz\/blog\/2009\/10\/20\/geht-auf-die-strase\/\" class=\"more-link\">Continue reading <span class=\"screen-reader-text\">Geht auf die Stra\u00dfe!<\/span><\/a><\/p>\n","protected":false},"author":1,"featured_media":0,"comment_status":"open","ping_status":"open","sticky":false,"template":"","format":"standard","meta":{"footnotes":""},"categories":[22],"tags":[],"class_list":["post-452","post","type-post","status-publish","format-standard","hentry","category-german"],"_links":{"self":[{"href":"https:\/\/www.thomaskeller.biz\/blog\/wp-json\/wp\/v2\/posts\/452","targetHints":{"allow":["GET"]}}],"collection":[{"href":"https:\/\/www.thomaskeller.biz\/blog\/wp-json\/wp\/v2\/posts"}],"about":[{"href":"https:\/\/www.thomaskeller.biz\/blog\/wp-json\/wp\/v2\/types\/post"}],"author":[{"embeddable":true,"href":"https:\/\/www.thomaskeller.biz\/blog\/wp-json\/wp\/v2\/users\/1"}],"replies":[{"embeddable":true,"href":"https:\/\/www.thomaskeller.biz\/blog\/wp-json\/wp\/v2\/comments?post=452"}],"version-history":[{"count":4,"href":"https:\/\/www.thomaskeller.biz\/blog\/wp-json\/wp\/v2\/posts\/452\/revisions"}],"predecessor-version":[{"id":456,"href":"https:\/\/www.thomaskeller.biz\/blog\/wp-json\/wp\/v2\/posts\/452\/revisions\/456"}],"wp:attachment":[{"href":"https:\/\/www.thomaskeller.biz\/blog\/wp-json\/wp\/v2\/media?parent=452"}],"wp:term":[{"taxonomy":"category","embeddable":true,"href":"https:\/\/www.thomaskeller.biz\/blog\/wp-json\/wp\/v2\/categories?post=452"},{"taxonomy":"post_tag","embeddable":true,"href":"https:\/\/www.thomaskeller.biz\/blog\/wp-json\/wp\/v2\/tags?post=452"}],"curies":[{"name":"wp","href":"https:\/\/api.w.org\/{rel}","templated":true}]}}