{"id":462,"date":"2009-11-10T20:38:58","date_gmt":"2009-11-10T19:38:58","guid":{"rendered":"http:\/\/www.thomaskeller.biz\/blog\/?p=462"},"modified":"2009-12-12T02:25:04","modified_gmt":"2009-12-12T01:25:04","slug":"deutschland-braucht-mehr-altenheime","status":"publish","type":"post","link":"https:\/\/www.thomaskeller.biz\/blog\/2009\/11\/10\/deutschland-braucht-mehr-altenheime\/","title":{"rendered":"Deutschland braucht mehr Altenheime!"},"content":{"rendered":"<p>An der Ecke T\u00e4ubchenweg \/ Breite Stra\u00dfe stand seit Jahren ein bauf\u00e4lliges altes Gr\u00fcnderzeithaus. Es wurde bezeiten mit gr\u00fcnen Spannfliess abgesichert und gro\u00dffl\u00e4chig mit einem neuen Medizinzentrum (&#8220;Medineum&#8221;) beworben. Nachdem es dort aber nie wirklich voranging und zwischenzeitlich das Plakat selbst schon abgenommen wurde (die Bauherren glaubten wohl selbst nicht mehr daran), war ich dennoch erfreut zu sehen, als sich im letzten Sommer endlich etwas regte und das Haus abgerissen wurde. Soweit so gut, &#8220;eine Brachfl\u00e4che mehr&#8221; dachte ich, aber weit gefehlt. Vor einigen Tagen war dann Grundsteinlegung f\u00fcr ein neues Bauprojekt. In diesen Zeiten werden nun jedoch nicht mehr an jeder Ecke neue Superm\u00e4rkte hochgezogen, wie es noch Mitte \/ Ende der Neunziger Jahre der Fall war, nein, es gibt in einer immer \u00e4lter werdenden Bev\u00f6lkerung einen viel eintr\u00e4glicheren Milliardenmarkt, das \u00c4lterwerden und die damit verbundenen Dienstleistungen!<\/p>\n<p>Ich w\u00fcrde wohl \u00fcber den Bau eines neuen &#8220;Seniorenzentrum&#8221; nicht schreiben, wenn nicht schon direkt gegen\u00fcber 2008 ein &#8220;Seniorenstift&#8221; entstanden w\u00e4re. Zwei Altenheime direkt gegen\u00fcber? Direkt mit Tram-Anbindung? Ja, fantastisch! Nun fehlt eigentlich nur noch der ein oder andere Bestatter in direkter N\u00e4he. Es gibt zwar schon einen 200m weiter in der Breiten Stra\u00dfe, aber hey, einer mehr kann da gar nicht zuviel sein, oder? Schlie\u00dflich werden gerade die Kapazit\u00e4ten ausgebaut und au\u00dferdem koexistieren gef\u00fchlte 20 Nagelstudios und zehn Friseurgesch\u00e4fte hier in der Umgebung auch nahezu Laden an Laden.<\/p>\n<p>Nicht, das man das jetzt falsch versteht, ich habe nichts gegen alte Leute. Das w\u00e4re ungef\u00e4hr genauso dumm wie etwas gegen Kinder zu haben. Wir waren alle mal Kinder und wir werden alle mal alt. Was mich aber einfach erschreckt ist die volle Breitseite der Kommerzialisierung und wie sie auf so ein Stadtviertel wie das meinige trifft. Sicher schaffen diese &#8220;Zentren&#8221; Jobs in der Pflege alter Menschen, doch wer kann sich so etwas \u00fcberhaupt noch leisten? Und wollen die Menschen wirklich abgeschottet von der Au\u00dfenwelt in diesen Bettenburgen &#8220;verwaltet&#8221; werden? Warum entsteht nicht ein Wohnpark, wo junge und alte Menschen gemeinsam leben und sich gegenseitig helfen, wo sich auch alte Menschen mit ihrem reichen Erfahrungsschatz und ihren Ideen aktiv in den Kiez einbringen k\u00f6nnen?<\/p>\n<p>Und dann \u00e4rgert mich auch das einseitige Denken der Stadtplaner in Leipzig. Soll jetzt einfach jedes bauf\u00e4llige Geb\u00e4ude in der Umgebung in einen neuen &#8220;Seniorenstift&#8221; umgewandelt werden? Gibt es keine anderen Ideen mehr, was man sonst mit brachliegenden Fl\u00e4chen anstellen k\u00f6nnte? Ist das wirklich das Signal, was man einem Wohngebiet geben m\u00f6chte, &#8220;hier werden die Alten verwaltet&#8221;&#8230;?<\/p>\n","protected":false},"excerpt":{"rendered":"<p>An der Ecke T\u00e4ubchenweg \/ Breite Stra\u00dfe stand seit Jahren ein bauf\u00e4lliges altes Gr\u00fcnderzeithaus. Es wurde bezeiten mit gr\u00fcnen Spannfliess abgesichert und gro\u00dffl\u00e4chig mit einem neuen Medizinzentrum (&#8220;Medineum&#8221;) beworben. Nachdem es dort aber nie wirklich voranging und zwischenzeitlich das Plakat selbst schon abgenommen wurde (die Bauherren glaubten wohl selbst nicht mehr daran), war ich dennoch &hellip; <a href=\"https:\/\/www.thomaskeller.biz\/blog\/2009\/11\/10\/deutschland-braucht-mehr-altenheime\/\" class=\"more-link\">Continue reading <span class=\"screen-reader-text\">Deutschland braucht mehr Altenheime!<\/span><\/a><\/p>\n","protected":false},"author":1,"featured_media":0,"comment_status":"open","ping_status":"open","sticky":false,"template":"","format":"standard","meta":{"footnotes":""},"categories":[22,26],"tags":[],"class_list":["post-462","post","type-post","status-publish","format-standard","hentry","category-german","category-rants"],"_links":{"self":[{"href":"https:\/\/www.thomaskeller.biz\/blog\/wp-json\/wp\/v2\/posts\/462","targetHints":{"allow":["GET"]}}],"collection":[{"href":"https:\/\/www.thomaskeller.biz\/blog\/wp-json\/wp\/v2\/posts"}],"about":[{"href":"https:\/\/www.thomaskeller.biz\/blog\/wp-json\/wp\/v2\/types\/post"}],"author":[{"embeddable":true,"href":"https:\/\/www.thomaskeller.biz\/blog\/wp-json\/wp\/v2\/users\/1"}],"replies":[{"embeddable":true,"href":"https:\/\/www.thomaskeller.biz\/blog\/wp-json\/wp\/v2\/comments?post=462"}],"version-history":[{"count":3,"href":"https:\/\/www.thomaskeller.biz\/blog\/wp-json\/wp\/v2\/posts\/462\/revisions"}],"predecessor-version":[{"id":488,"href":"https:\/\/www.thomaskeller.biz\/blog\/wp-json\/wp\/v2\/posts\/462\/revisions\/488"}],"wp:attachment":[{"href":"https:\/\/www.thomaskeller.biz\/blog\/wp-json\/wp\/v2\/media?parent=462"}],"wp:term":[{"taxonomy":"category","embeddable":true,"href":"https:\/\/www.thomaskeller.biz\/blog\/wp-json\/wp\/v2\/categories?post=462"},{"taxonomy":"post_tag","embeddable":true,"href":"https:\/\/www.thomaskeller.biz\/blog\/wp-json\/wp\/v2\/tags?post=462"}],"curies":[{"name":"wp","href":"https:\/\/api.w.org\/{rel}","templated":true}]}}