{"id":798,"date":"2010-09-03T09:15:55","date_gmt":"2010-09-03T08:15:55","guid":{"rendered":"http:\/\/www.thomaskeller.biz\/blog\/?p=798"},"modified":"2010-09-03T09:21:12","modified_gmt":"2010-09-03T08:21:12","slug":"798","status":"publish","type":"post","link":"https:\/\/www.thomaskeller.biz\/blog\/2010\/09\/03\/798\/","title":{"rendered":"Ich sch\u00e4me mich"},"content":{"rendered":"<p>Der 58-j\u00e4hrige Slawik C. &#8211; ein Aserbaidschaner, der in seinem Heimatland zur verfolgten armenischen Minderheit geh\u00f6rt &#8211; stirbt in deutscher Abschiebehaft nach 11 Jahren &#8220;Duldung&#8221; durch deutsche Beh\u00f6rden und vorbildlicher Integration in sein Wohnumfeld.<\/p>\n<p>Ich sch\u00e4me mich &#8211; f\u00fcr das Land, in dem ich wohne und in dem ich ein B\u00fcrger bin, seit gestern noch mehr als zuvor.<\/p>\n<p><object classid=\"clsid:d27cdb6e-ae6d-11cf-96b8-444553540000\" codebase=\"http:\/\/download.macromedia.com\/pub\/shockwave\/cabs\/flash\/swflash.cab#version=9,0,0,0\" width=\"450\" height=\"358\" id=\"playerpanorama547\" align=\"middle\"><param name=\"allowScriptAccess\" value=\"always\" \/><param name=\"allowFullScreen\" value=\"true\" \/><param name=\"quality\" value=\"high\" \/><param name=\"bgcolor\" value=\"#000000\" \/><param name=\"movie\" value=\"http:\/\/www1.ndr.de\/flash\/mediathek\/videoOnDemandPlayer.swf?file=mp4:2010\/0902\/TV-20100902-2312-4301.hi&#038;img=http:\/\/www.ndr.de\/regional\/zelle100_v-gallery.jpg&#038;len=08:00&#038;breitbild=true\" \/><embed src=\"http:\/\/www1.ndr.de\/flash\/mediathek\/videoOnDemandPlayer.swf?file=mp4:2010\/0902\/TV-20100902-2312-4301.hi&#038;img=http:\/\/www.ndr.de\/regional\/zelle100_v-gallery.jpg&#038;len=08:00&#038;breitbild=true\" quality=\"high\" bgcolor=\"#000000\" width=\"450\" height=\"358\" name=\"player\" align=\"middle\" allowScriptAccess=\"always\" allowFullScreen=\"true\" type=\"application\/x-shockwave-flash\" pluginspage=\"http:\/\/www.macromedia.com\/go\/getflashplayer\" \/><\/object><\/p>\n<p>(<a href=\"http:\/\/daserste.ndr.de\/panorama\/archiv\/2010\/panoramaabschiebehaft101.html\">Quelle<\/a>, <a href=\"http:\/\/www.haz.de\/Hannover\/Aus-der-Region\/Im-Norden\/Langenhagen\/Slawik-C.-und-die-Sehnsucht-Deutscher-zu-sein\">HAZ-Artikel<\/a>)<\/p>\n<p>Dies ist f\u00fcr mich ein weiterer Grund, warum ich meine Zukunft auf Dauer nicht mehr in diesem Land sehe.<\/p>\n","protected":false},"excerpt":{"rendered":"<p>Der 58-j\u00e4hrige Slawik C. &#8211; ein Aserbaidschaner, der in seinem Heimatland zur verfolgten armenischen Minderheit geh\u00f6rt &#8211; stirbt in deutscher Abschiebehaft nach 11 Jahren &#8220;Duldung&#8221; durch deutsche Beh\u00f6rden und vorbildlicher Integration in sein Wohnumfeld. Ich sch\u00e4me mich &#8211; f\u00fcr das Land, in dem ich wohne und in dem ich ein B\u00fcrger bin, seit gestern noch &hellip; <a href=\"https:\/\/www.thomaskeller.biz\/blog\/2010\/09\/03\/798\/\" class=\"more-link\">Continue reading <span class=\"screen-reader-text\">Ich sch\u00e4me mich<\/span><\/a><\/p>\n","protected":false},"author":1,"featured_media":0,"comment_status":"open","ping_status":"open","sticky":false,"template":"","format":"standard","meta":{"footnotes":""},"categories":[22],"tags":[],"class_list":["post-798","post","type-post","status-publish","format-standard","hentry","category-german"],"_links":{"self":[{"href":"https:\/\/www.thomaskeller.biz\/blog\/wp-json\/wp\/v2\/posts\/798","targetHints":{"allow":["GET"]}}],"collection":[{"href":"https:\/\/www.thomaskeller.biz\/blog\/wp-json\/wp\/v2\/posts"}],"about":[{"href":"https:\/\/www.thomaskeller.biz\/blog\/wp-json\/wp\/v2\/types\/post"}],"author":[{"embeddable":true,"href":"https:\/\/www.thomaskeller.biz\/blog\/wp-json\/wp\/v2\/users\/1"}],"replies":[{"embeddable":true,"href":"https:\/\/www.thomaskeller.biz\/blog\/wp-json\/wp\/v2\/comments?post=798"}],"version-history":[{"count":8,"href":"https:\/\/www.thomaskeller.biz\/blog\/wp-json\/wp\/v2\/posts\/798\/revisions"}],"predecessor-version":[{"id":806,"href":"https:\/\/www.thomaskeller.biz\/blog\/wp-json\/wp\/v2\/posts\/798\/revisions\/806"}],"wp:attachment":[{"href":"https:\/\/www.thomaskeller.biz\/blog\/wp-json\/wp\/v2\/media?parent=798"}],"wp:term":[{"taxonomy":"category","embeddable":true,"href":"https:\/\/www.thomaskeller.biz\/blog\/wp-json\/wp\/v2\/categories?post=798"},{"taxonomy":"post_tag","embeddable":true,"href":"https:\/\/www.thomaskeller.biz\/blog\/wp-json\/wp\/v2\/tags?post=798"}],"curies":[{"name":"wp","href":"https:\/\/api.w.org\/{rel}","templated":true}]}}